{"id":451,"date":"2019-04-02T19:44:25","date_gmt":"2019-04-02T17:44:25","guid":{"rendered":"https:\/\/www.xn--bilderhuser-dorftheater-17b.de\/?p=451"},"modified":"2019-04-02T19:44:25","modified_gmt":"2019-04-02T17:44:25","slug":"programm-2019-salon-pabpst-von-hildegard-reinecke","status":"publish","type":"post","link":"https:\/\/www.xn--bilderhuser-dorftheater-17b.de\/?p=451","title":{"rendered":"Programm 2019: &#8222;Salon Pab(p)st&#8220; von Hildegard Reinecke"},"content":{"rendered":"<p>Im Salon von Isolde Pabst geht es turbulent zu. Da werden nicht nur die neuesten Informationen ausgetauscht, auffallende Frisuren gezaubert, gebrochene Herzen verarztet und Z\u00e4rtlichkeiten ausgetauscht. Da findet sich auch anl\u00e4sslich der Einweihung des \u00fcberkonfessionellen Mehrgenerationenhauses ein Double f\u00fcr den Papst. Und bei all dem hat Isolde selbst genug Sorgen mit ihrem Vermieter, einem Immobilienspekulanten &#8230;..<\/p>\n<p><strong>Die Auff\u00fchrungstermine in der Pfarrscheune Mechtshausen:<\/strong><\/p>\n<ul>\n<li><strong>Donnerstag, 20. Juni 2019, Beginn 19.30 Uhr, Einlass 19.00 Uhr<\/strong><\/li>\n<li><strong>Freitag, 21. Juni 2019, Beginn 19.30 Uhr, Einlass 19.00 Uhr \u00a0<\/strong><\/li>\n<li><strong>Sonnabend, 22. Juni 2019, Beginn 18.00 Uhr, Einlass 17.30 Uhr<\/strong><\/li>\n<li><strong>Sonntag, 23. Juni 2019, Beginn 18.00 Uhr, Einlass 17.30 Uhr \u00a0\u00a0<\/strong><\/li>\n<\/ul>\n<p>&nbsp;<\/p>\n<ul>\n<li><strong>Freitag, 28. Juni 2019, Beginn 19.30 Uhr, Einlass 19.00 Uhr<\/strong><\/li>\n<li><strong>Sonnabend, 29. Juni 2019, Beginn 18.00 Uhr, Einlass 17.30 Uhr<\/strong><\/li>\n<li><strong>Sonntag, 30. Juni 2019, Beginn 18.00 Uhr, Einlass 17.30 Uhr<\/strong><\/li>\n<li><strong>Montag, 01. Juli 2019, Beginn 19.30 Uhr, Einlass 17.30 Uhr \u00a0\u00a0\u00a0\u00a0\u00a0\u00a0\u00a0\u00a0\u00a0\u00a0\u00a0\u00a0\u00a0\u00a0\u00a0\u00a0\u00a0\u00a0\u00a0\u00a0\u00a0\u00a0\u00a0\u00a0\u00a0\u00a0\u00a0\u00a0\u00a0\u00a0\u00a0\u00a0\u00a0\u00a0\u00a0\u00a0\u00a0\u00a0\u00a0\u00a0\u00a0\u00a0\u00a0\u00a0\u00a0\u00a0\u00a0\u00a0\u00a0\u00a0\u00a0\u00a0\u00a0\u00a0\u00a0\u00a0\u00a0\u00a0\u00a0\u00a0\u00a0\u00a0\u00a0\u00a0\u00a0\u00a0\u00a0\u00a0\u00a0\u00a0\u00a0\u00a0\u00a0\u00a0\u00a0\u00a0\u00a0\u00a0\u00a0\u00a0\u00a0\u00a0\u00a0\u00a0\u00a0\u00a0\u00a0\u00a0\u00a0\u00a0\u00a0\u00a0\u00a0\u00a0\u00a0\u00a0\u00a0\u00a0\u00a0\u00a0\u00a0\u00a0\u00a0\u00a0\u00a0\u00a0\u00a0\u00a0\u00a0\u00a0\u00a0\u00a0\u00a0\u00a0\u00a0\u00a0\u00a0\u00a0\u00a0\u00a0\u00a0\u00a0\u00a0\u00a0\u00a0\u00a0\u00a0\u00a0\u00a0\u00a0\u00a0\u00a0\u00a0\u00a0\u00a0\u00a0\u00a0\u00a0\u00a0\u00a0\u00a0\u00a0\u00a0\u00a0\u00a0\u00a0\u00a0\u00a0\u00a0\u00a0\u00a0\u00a0\u00a0\u00a0\u00a0\u00a0\u00a0\u00a0\u00a0\u00a0\u00a0\u00a0\u00a0\u00a0\u00a0\u00a0\u00a0\u00a0\u00a0\u00a0\u00a0\u00a0\u00a0\u00a0\u00a0\u00a0\u00a0\u00a0\u00a0\u00a0\u00a0\u00a0\u00a0\u00a0\u00a0\u00a0\u00a0\u00a0\u00a0\u00a0\u00a0\u00a0\u00a0\u00a0 <\/strong><strong><br \/>\n<\/strong><\/li>\n<\/ul>\n<p>Karten k\u00f6nnen am <strong>10. und 11. Mai 2019 telefonisch unter 01511 7691220 bestellt werden<\/strong> &#8211; Preis pro Karte: 8,00 \u20ac<\/p>\n<p><strong>Abholung der Karten vom 20.05. bis 31.05.2019<\/strong> an folgenden Stellen:<\/p>\n<ul>\n<li>Bilderlahe: Ulla M\u00fcller<\/li>\n<li>Mechtshausen: Hildegard Reinecke<\/li>\n<li>Seesen: Jacobson-Haus Kulturb\u00fcro<\/li>\n<\/ul>\n<p>(nicht abgeholte Karten gehen wieder in den Verkauf)<\/p>\n","protected":false},"excerpt":{"rendered":"<p>Im Salon von Isolde Pabst geht es turbulent zu. Da werden nicht nur die neuesten Informationen ausgetauscht, auffallende Frisuren gezaubert, gebrochene Herzen verarztet und Z\u00e4rtlichkeiten ausgetauscht. Da findet sich auch anl\u00e4sslich der Einweihung des \u00fcberkonfessionellen[&#8230;]<\/p>\n","protected":false},"author":2,"featured_media":0,"comment_status":"open","ping_status":"open","sticky":false,"template":"","format":"standard","meta":[],"categories":[1],"tags":[],"_links":{"self":[{"href":"https:\/\/www.xn--bilderhuser-dorftheater-17b.de\/index.php?rest_route=\/wp\/v2\/posts\/451"}],"collection":[{"href":"https:\/\/www.xn--bilderhuser-dorftheater-17b.de\/index.php?rest_route=\/wp\/v2\/posts"}],"about":[{"href":"https:\/\/www.xn--bilderhuser-dorftheater-17b.de\/index.php?rest_route=\/wp\/v2\/types\/post"}],"author":[{"embeddable":true,"href":"https:\/\/www.xn--bilderhuser-dorftheater-17b.de\/index.php?rest_route=\/wp\/v2\/users\/2"}],"replies":[{"embeddable":true,"href":"https:\/\/www.xn--bilderhuser-dorftheater-17b.de\/index.php?rest_route=%2Fwp%2Fv2%2Fcomments&post=451"}],"version-history":[{"count":7,"href":"https:\/\/www.xn--bilderhuser-dorftheater-17b.de\/index.php?rest_route=\/wp\/v2\/posts\/451\/revisions"}],"predecessor-version":[{"id":458,"href":"https:\/\/www.xn--bilderhuser-dorftheater-17b.de\/index.php?rest_route=\/wp\/v2\/posts\/451\/revisions\/458"}],"wp:attachment":[{"href":"https:\/\/www.xn--bilderhuser-dorftheater-17b.de\/index.php?rest_route=%2Fwp%2Fv2%2Fmedia&parent=451"}],"wp:term":[{"taxonomy":"category","embeddable":true,"href":"https:\/\/www.xn--bilderhuser-dorftheater-17b.de\/index.php?rest_route=%2Fwp%2Fv2%2Fcategories&post=451"},{"taxonomy":"post_tag","embeddable":true,"href":"https:\/\/www.xn--bilderhuser-dorftheater-17b.de\/index.php?rest_route=%2Fwp%2Fv2%2Ftags&post=451"}],"curies":[{"name":"wp","href":"https:\/\/api.w.org\/{rel}","templated":true}]}}